{"id":6694,"date":"2025-02-01T00:00:00","date_gmt":"2025-01-31T23:00:00","guid":{"rendered":"https:\/\/www.kempenkamp.net\/?p=6694"},"modified":"2025-06-23T21:03:41","modified_gmt":"2025-06-23T20:03:41","slug":"aanmeldingen-2025","status":"publish","type":"post","link":"https:\/\/www.kempenkamp.net\/?p=6694","title":{"rendered":"Aanmeldingen 2025"},"content":{"rendered":"\n<p>Dit jaar zal het kempenkamp plaats vinden van 5 tot en met 12 juli op blokhut de Sprinkhorst in Mierlo. We hebben op het moment 48 inschrijvingen, dus het kamp zit vol voor dit jaar. Als je je kind nog wil aanmelden dan kan je ons het best een mailtje sturen.<\/p>\n\n\n\n<div class=\"wp-block-columns is-layout-flex wp-container-core-columns-is-layout-9d6595d7 wp-block-columns-is-layout-flex\">\n<div class=\"wp-block-column is-layout-flow wp-block-column-is-layout-flow\" style=\"flex-basis:25%\">\n<p>1.<br>2.<br>3.<br>4.<br>5.<br>6.<br>7.<br>8.<br>9.<br>10.<br>11.<br>12.<br>13.<br>14.<br>15.<br>16.<br>17.<br>18.<br>19.<br>20.<br>21.<br>22.<br>23.<br>24.<br>25.<br>26.<br>27.<br>28.<br>29.<br>30.<br>31.<br>32.<br>33.<br>34.<br>35.<br>36.<br>37.<br>38.<br>39.<br>40.<br>41.<br>42.<br>43.<br>44.<br>45.<br>46.<br>47.<br>48.<\/p>\n<\/div>\n\n\n\n<div class=\"wp-block-column is-layout-flow wp-block-column-is-layout-flow\" style=\"flex-basis:25%\">\n<p>Lorijn<br>Jonas<br>Bjorn<br>Robin<br>Roan<br>Zo\u00eb<br>Tiago<br>Navya<br>Anika<br>Wende<br>Yana<br>Amellia<br>Vera<br>Neal<br>Amy N.<br>Gijs<br>Tommie<br>Sjoerd<br>Tijn<br>Jurre<br>Kevin<br>Lenn<br>Simon<br>Thijs B.<br>Tim K.<br>Cinar C.<br>Cidalia<br>Aurora<br>Sebastiaan<br>Xavi<br>Yaro<br>Sven<br>Nathan<br>Alex<br>Jasper<br>Cinar K.<br>Marit<br>Veerle<br>Tim M.<br>Amy M.<br>Teodor<br>Sem<br>Thomas<br>Thijs E.<br>Colin<br>Medhini<br>David<br>Aleksei<\/p>\n<\/div>\n\n\n\n<div class=\"wp-block-column is-layout-flow wp-block-column-is-layout-flow\" style=\"flex-basis:50%\">\n<p>SV Gard\u00e9<br>HMC Den Bosch<br>SV Sissa Luyksgestel<br>SV Sissa Luyksgestel<br>HMC Den Bosch<br>HMC Den Bosch<br>HMC Den Bosch<br>Best Moves<br>Best Moves<br>SV Sissa Luyksgestel<br>SV Sissa Luyksgestel<br>SV Sissa Luyksgestel<br>SV Gard\u00e9<br>SV Gard\u00e9<br>Schoolschaken<br>SV Aalst-Waalre<br>040schaakt<br>SV Bladel<br>SV Bladel<br>SV Bladel<br>SV Bladel<br>SV Bladel<br>SV Gard\u00e9<br>SV Bladel<br>HMC Den Bosch<br>040schaakt<br>Schoolschaken<br>Schoolschaken<br>SV Gard\u00e9<br>SV Gard\u00e9<br>SV Gard\u00e9<br>SV Bladel<br>SV Gard\u00e9<br>SV Aalst-Waalre<br>WLC<br>040schaakt<br>Best Moves<br>Best Moves<br>Eindhovense SV<br>Eindhovense SV<br>WLC<br>SV Gard\u00e9<br>SV Gard\u00e9<br>JSC De Pionier<br>JSC De Pionier<br>Eindhovense SV<br>Best Moves<br>WLC<\/p>\n<\/div>\n<\/div>\n\n\n\n<p>Reservelijst:<br><\/p>\n\n\n\n<div class=\"wp-block-columns is-layout-flex wp-container-core-columns-is-layout-9d6595d7 wp-block-columns-is-layout-flex\">\n<div class=\"wp-block-column is-layout-flow wp-block-column-is-layout-flow\" style=\"flex-basis:25%\">\n<p>49.<br>50.<\/p>\n<\/div>\n\n\n\n<div class=\"wp-block-column is-layout-flow wp-block-column-is-layout-flow\" style=\"flex-basis:25%\">\n<p>Brandon<br>Max<\/p>\n<\/div>\n\n\n\n<div class=\"wp-block-column is-layout-flow wp-block-column-is-layout-flow\" style=\"flex-basis:50%\">\n<p>JSC De Pionier<br>JSC De Pionier<\/p>\n<\/div>\n<\/div>\n","protected":false},"excerpt":{"rendered":"<p>Dit jaar zal het kempenkamp plaats vinden van 5 tot en met 12 juli op blokhut de Sprinkhorst in Mierlo. We hebben op het moment 48 inschrijvingen, dus het kamp zit vol voor dit jaar. Als je je kind nog wil aanmelden dan kan je ons het best een mailtje sturen. 1.2.3.4.5.6.7.8.9.10.11.12.13.14.15.16.17.18.19.20.21.22.23.24.25.26.27.28.29.30.31.32.33.34.35.36.37.38.39.40.41.42.43.44.45.46.47.48. LorijnJonasBjornRobinRoanZo\u00ebTiagoNavyaAnikaWendeYanaAmelliaVeraNealAmy N.GijsTommieSjoerdTijnJurreKevinLennSimonThijs B.Tim [&hellip;]<\/p>\n","protected":false},"author":35,"featured_media":0,"comment_status":"closed","ping_status":"closed","sticky":false,"template":"","format":"standard","meta":{"footnotes":""},"categories":[320],"tags":[],"class_list":["post-6694","post","type-post","status-publish","format-standard","hentry","category-algemeen-2025"],"_links":{"self":[{"href":"https:\/\/www.kempenkamp.net\/index.php?rest_route=\/wp\/v2\/posts\/6694","targetHints":{"allow":["GET"]}}],"collection":[{"href":"https:\/\/www.kempenkamp.net\/index.php?rest_route=\/wp\/v2\/posts"}],"about":[{"href":"https:\/\/www.kempenkamp.net\/index.php?rest_route=\/wp\/v2\/types\/post"}],"author":[{"embeddable":true,"href":"https:\/\/www.kempenkamp.net\/index.php?rest_route=\/wp\/v2\/users\/35"}],"replies":[{"embeddable":true,"href":"https:\/\/www.kempenkamp.net\/index.php?rest_route=%2Fwp%2Fv2%2Fcomments&post=6694"}],"version-history":[{"count":35,"href":"https:\/\/www.kempenkamp.net\/index.php?rest_route=\/wp\/v2\/posts\/6694\/revisions"}],"predecessor-version":[{"id":6829,"href":"https:\/\/www.kempenkamp.net\/index.php?rest_route=\/wp\/v2\/posts\/6694\/revisions\/6829"}],"wp:attachment":[{"href":"https:\/\/www.kempenkamp.net\/index.php?rest_route=%2Fwp%2Fv2%2Fmedia&parent=6694"}],"wp:term":[{"taxonomy":"category","embeddable":true,"href":"https:\/\/www.kempenkamp.net\/index.php?rest_route=%2Fwp%2Fv2%2Fcategories&post=6694"},{"taxonomy":"post_tag","embeddable":true,"href":"https:\/\/www.kempenkamp.net\/index.php?rest_route=%2Fwp%2Fv2%2Ftags&post=6694"}],"curies":[{"name":"wp","href":"https:\/\/api.w.org\/{rel}","templated":true}]}}