{"id":6075,"date":"2024-02-01T00:01:00","date_gmt":"2024-01-31T23:01:00","guid":{"rendered":"https:\/\/www.kempenkamp.net\/?p=6075"},"modified":"2024-07-05T18:04:08","modified_gmt":"2024-07-05T17:04:08","slug":"aanmeldingen-2024","status":"publish","type":"post","link":"https:\/\/www.kempenkamp.net\/?p=6075","title":{"rendered":"Aanmeldingen 2024"},"content":{"rendered":"\n<p>Dit jaar zal het kempenkamp plaats vinden van 6 tot en met 13 juli op blokhut de Pielskoel in Weert. Je kan je via deze <a href=\"https:\/\/forms.gle\/NsTh4n2DQx53XaiJ6\" data-type=\"link\" data-id=\"https:\/\/forms.gle\/NsTh4n2DQx53XaiJ6\">forms <\/a>inschrijven voor het kempenkamp!<\/p>\n\n\n\n<div class=\"wp-block-columns is-layout-flex wp-container-core-columns-is-layout-9d6595d7 wp-block-columns-is-layout-flex\">\n<div class=\"wp-block-column is-layout-flow wp-block-column-is-layout-flow\">\n<p>1. Roan<br>2. Tiago<br>3. Zo\u00eb<br>4. Jonas<br>5. Lorijn<br>6. Cidalia<br>7. Aurora<br>8. Merijn<br>9. Xavi<br>10. Vera<br>11. Roel<br>12. Ayvrian<br>13. Teodor Stefan<br>14. Joep<br>15. Bram<br>16. Derik<br>17. Simon<br>18. Cinar<br>19. Sem<br>20. Thomas<br>21. Yaro<br>22. Anika<br>23. Luuk<br>24. Veerle<br>25. Marit<br>26. Finn<br>27. Neal<br>28. Amy<br>29. Alex<br>30. Tommie<br>31. Nathan<br>32. Sven<br>33. Jasper<br>34. Koen<br>35. Tijn<br>36. Jurre<br>37. Kevin<br>38. Wende<br>39. Yana<br>40. Tim<br>41. Sebastiaan<br>42. Roan<br>43. Mihir<br>44. Aisha<br>45. Sjoerd<br>46. Thijs<br>47. Pepijn<br><\/p>\n<\/div>\n\n\n\n<div class=\"wp-block-column is-vertically-aligned-top is-layout-flow wp-block-column-is-layout-flow\">\n<p>10<br>11<br>9<br>10<br>12<br>10<br>8<br>12<br>13<br>10<br>14<br>13<br>9<br>14<br>10<br>9<br>11<br>10<br>13<br>9<br>11<br>10<br>10<br>10<br>12<br>10<br>9<br>12<br>13<br>9<br>12<br>14<br>13<br>14<br>12<br>9<br>10<br>11<br>10<br>9<br>12<br>13<br>9<br>8<br>10<br>11<br>11<\/p>\n<\/div>\n\n\n\n<div class=\"wp-block-column is-layout-flow wp-block-column-is-layout-flow\">\n<p>Best Moves<br>HMC Den Bosch<br>HMC Den Bosch<br>HMC Den Bosch<br>SV Gard\u00e9<br>Best Moves<br>Best Moves<br>SV Gard\u00e9<br>SV Gard\u00e9<br>SV Gard\u00e9<br>SV Gard\u00e9<br>Schoolschaken<br>WLC<br>SV Gard\u00e9<br>SV Gard\u00e9<br>Eindhovense SV<br>SV Gard\u00e9<br>040Schaakt<br>SV Gard\u00e9<br>SV Gard\u00e9<br>SV Gard\u00e9<br>Best Moves<br>JCS De Pionier<br>Best Moves<br>Best Moves<br>SV Gard\u00e9<br>SV Gard\u00e9<br>SV Gard\u00e9<br>Schoolschaken<br>040Schaakt<br>SV Gard\u00e9<br>SV Gard\u00e9<br>WLC<br>WLC<br>SV Bladel<br>SV Bladel<br>SV Bladel<br>SV Sissa Luyksgestel<br>SV Sissa Luyksgestel<br>HMC<br>SV Gard\u00e9<br>SV Gard\u00e9<br>Eindhovense SV<br>Best Moves<br>SV Bladel<br>SV Bladel<br>JCS De Pionier<br><br><br><br><br><br><br><br><br><\/p>\n<\/div>\n<\/div>\n","protected":false},"excerpt":{"rendered":"<p>Dit jaar zal het kempenkamp plaats vinden van 6 tot en met 13 juli op blokhut de Pielskoel in Weert. Je kan je via deze forms inschrijven voor het kempenkamp! 1. Roan2. Tiago3. Zo\u00eb4. Jonas5. Lorijn6. Cidalia7. Aurora8. Merijn9. Xavi10. Vera11. Roel12. Ayvrian13. Teodor Stefan14. Joep15. Bram16. Derik17. Simon18. Cinar19. Sem20. Thomas21. Yaro22. Anika23. Luuk24. [&hellip;]<\/p>\n","protected":false},"author":35,"featured_media":0,"comment_status":"closed","ping_status":"closed","sticky":false,"template":"","format":"standard","meta":{"footnotes":""},"categories":[309],"tags":[],"class_list":["post-6075","post","type-post","status-publish","format-standard","hentry","category-algemeen-2024"],"_links":{"self":[{"href":"https:\/\/www.kempenkamp.net\/index.php?rest_route=\/wp\/v2\/posts\/6075","targetHints":{"allow":["GET"]}}],"collection":[{"href":"https:\/\/www.kempenkamp.net\/index.php?rest_route=\/wp\/v2\/posts"}],"about":[{"href":"https:\/\/www.kempenkamp.net\/index.php?rest_route=\/wp\/v2\/types\/post"}],"author":[{"embeddable":true,"href":"https:\/\/www.kempenkamp.net\/index.php?rest_route=\/wp\/v2\/users\/35"}],"replies":[{"embeddable":true,"href":"https:\/\/www.kempenkamp.net\/index.php?rest_route=%2Fwp%2Fv2%2Fcomments&post=6075"}],"version-history":[{"count":36,"href":"https:\/\/www.kempenkamp.net\/index.php?rest_route=\/wp\/v2\/posts\/6075\/revisions"}],"predecessor-version":[{"id":6215,"href":"https:\/\/www.kempenkamp.net\/index.php?rest_route=\/wp\/v2\/posts\/6075\/revisions\/6215"}],"wp:attachment":[{"href":"https:\/\/www.kempenkamp.net\/index.php?rest_route=%2Fwp%2Fv2%2Fmedia&parent=6075"}],"wp:term":[{"taxonomy":"category","embeddable":true,"href":"https:\/\/www.kempenkamp.net\/index.php?rest_route=%2Fwp%2Fv2%2Fcategories&post=6075"},{"taxonomy":"post_tag","embeddable":true,"href":"https:\/\/www.kempenkamp.net\/index.php?rest_route=%2Fwp%2Fv2%2Ftags&post=6075"}],"curies":[{"name":"wp","href":"https:\/\/api.w.org\/{rel}","templated":true}]}}