{"id":5636,"date":"2023-02-01T00:01:00","date_gmt":"2023-01-31T23:01:00","guid":{"rendered":"https:\/\/www.kempenkamp.net\/?p=5636"},"modified":"2023-07-10T19:30:04","modified_gmt":"2023-07-10T18:30:04","slug":"aanmeldingen-2023","status":"publish","type":"post","link":"https:\/\/www.kempenkamp.net\/?p=5636","title":{"rendered":"Aanmeldingen 2023"},"content":{"rendered":"\n<p>De inschrijvingen zijn gesloten! Deze kinderen gaan dit jaar mee op kamp:<\/p>\n\n\n\n<div class=\"wp-block-columns is-layout-flex wp-container-core-columns-is-layout-9d6595d7 wp-block-columns-is-layout-flex\">\n<div class=\"wp-block-column is-layout-flow wp-block-column-is-layout-flow\">\n<p>1. Alex<br>2. Lars <br>3. Mihir <br>4. Anuraag <br>5. Lorijn <br>6. Jonne <br>7. Sebastiaan <br>8. Cidalia <br>9. Bjorn <br>10. Artur <br>11. Anika <br>12. Cinar<br>13. Nathan<br>14. Merijn<br>15. Daniel <br>16. Dani\u00ebl <br>17. Xavi<br>18. Roel<br>19. Vera<br>20. Tiago<br>21. Tim<br>22. Jonas<br>23. Zo\u00eb<br>24. Phillip<br>25. Vincent<br>26. Roan<br>27. Ryan<br>28. Joep<br>29. Bram<br>30. Marit<br>31. Veerle<br>32. Thijs<br>33. Tim<br>34. Jasper<br>35. Koen<br>36. Ayvrian<br>37. Siro<br>38. Timur<br>39. Neal<br>40. Amy<br>41. Sem<br>42. Thomas<br>43. Hugo<br>44. Kevin<br>45. Sasha<br>46. Arish<\/p>\n<\/div>\n\n\n\n<div class=\"wp-block-column is-vertically-aligned-top is-layout-flow wp-block-column-is-layout-flow\">\n<p>12 <br>12 <br>8 <br>14 <br>11 <br>14 <br>11 <br>9 <br>11 <br>13 <br>9 <br>9<br>11<br>11<br>11 <br>14 <br>12<br>13<br>9<br>10<br>8<br>9<br>8<br>10<br>10<br>9<br>13<br>13<br>9<br>11<br>9<br>12<br>10<br>12<br>13<br>12<br>10<br>13<br>8<br>11<br>12<br>8<br>10<br>9<br>8<br>11<\/p>\n<\/div>\n\n\n\n<div class=\"wp-block-column is-layout-flow wp-block-column-is-layout-flow\">\n<p>Schoolschaken <br>Schoolschaken <br>Eindhovense SV <br>Eindhovense SV <br>SV Gard\u00e9 <br>SV Gard\u00e9 <br>SV Gard\u00e9 <br>Best moves <br>Schoolschaken <br>SV Sissa Luyksgestel <br>Best moves <br>040schaakt<br>SV Gard\u00e9 <br>SV Gard\u00e9 <br>Schoolschaken <br>Eindhovense SV <br>SV Gard\u00e9<br>SV Gard\u00e9<br>SV Gard\u00e9<br>HMC Den Bosch<br>HMC Den Bosch<br>HMC Den Bosch<br>HMC Den Bosch<br>Best Moves<br>Best Moves<br>Best Moves<br>Schoolschaken<br>SV Gard\u00e9<br>SV Gard\u00e9<br>Best Moves<br>Best Moves<br>JCS De Pionier<br>JCS De Pionier<br>WLC<br>WLC<br>Schoolschaken<br>SV Gard\u00e9<br>Schoolschaken<br>SV Gard\u00e9<br>SV Gard\u00e9<br>SV Gard\u00e9<br>SV Gard\u00e9<br>040 Schaakt<br>SV Bladel<br>Best Moves<br>WLC<br><\/p>\n<\/div>\n<\/div>\n","protected":false},"excerpt":{"rendered":"<p>De inschrijvingen zijn gesloten! Deze kinderen gaan dit jaar mee op kamp: 1. Alex2. Lars 3. Mihir 4. Anuraag 5. Lorijn 6. Jonne 7. Sebastiaan 8. Cidalia 9. Bjorn 10. Artur 11. Anika 12. Cinar13. Nathan14. Merijn15. Daniel 16. Dani\u00ebl 17. Xavi18. Roel19. Vera20. Tiago21. Tim22. Jonas23. Zo\u00eb24. Phillip25. Vincent26. Roan27. Ryan28. Joep29. Bram30. Marit31. [&hellip;]<\/p>\n","protected":false},"author":22,"featured_media":0,"comment_status":"closed","ping_status":"closed","sticky":false,"template":"","format":"standard","meta":{"footnotes":""},"categories":[299],"tags":[],"class_list":["post-5636","post","type-post","status-publish","format-standard","hentry","category-algemeen-2023"],"_links":{"self":[{"href":"https:\/\/www.kempenkamp.net\/index.php?rest_route=\/wp\/v2\/posts\/5636","targetHints":{"allow":["GET"]}}],"collection":[{"href":"https:\/\/www.kempenkamp.net\/index.php?rest_route=\/wp\/v2\/posts"}],"about":[{"href":"https:\/\/www.kempenkamp.net\/index.php?rest_route=\/wp\/v2\/types\/post"}],"author":[{"embeddable":true,"href":"https:\/\/www.kempenkamp.net\/index.php?rest_route=\/wp\/v2\/users\/22"}],"replies":[{"embeddable":true,"href":"https:\/\/www.kempenkamp.net\/index.php?rest_route=%2Fwp%2Fv2%2Fcomments&post=5636"}],"version-history":[{"count":35,"href":"https:\/\/www.kempenkamp.net\/index.php?rest_route=\/wp\/v2\/posts\/5636\/revisions"}],"predecessor-version":[{"id":5801,"href":"https:\/\/www.kempenkamp.net\/index.php?rest_route=\/wp\/v2\/posts\/5636\/revisions\/5801"}],"wp:attachment":[{"href":"https:\/\/www.kempenkamp.net\/index.php?rest_route=%2Fwp%2Fv2%2Fmedia&parent=5636"}],"wp:term":[{"taxonomy":"category","embeddable":true,"href":"https:\/\/www.kempenkamp.net\/index.php?rest_route=%2Fwp%2Fv2%2Fcategories&post=5636"},{"taxonomy":"post_tag","embeddable":true,"href":"https:\/\/www.kempenkamp.net\/index.php?rest_route=%2Fwp%2Fv2%2Ftags&post=5636"}],"curies":[{"name":"wp","href":"https:\/\/api.w.org\/{rel}","templated":true}]}}