{"id":5196,"date":"2022-02-01T00:00:00","date_gmt":"2022-01-31T23:00:00","guid":{"rendered":"https:\/\/www.kempenkamp.net\/?p=5196"},"modified":"2022-07-26T09:55:31","modified_gmt":"2022-07-26T08:55:31","slug":"aanmeldingen-2022","status":"publish","type":"post","link":"https:\/\/www.kempenkamp.net\/?p=5196","title":{"rendered":"Aanmeldingen 2022"},"content":{"rendered":"\n<p>De inschrijvingen zijn gesloten. Mocht je toch nog mee willen neem dan <a href=\"https:\/\/www.kempenkamp.net\/?page_id=33\">contact<\/a> op.<\/p>\n\n\n\n<p>Deze kinderen gaan mee op Kempenkamp 2022:<\/p>\n\n\n\n<p><\/p>\n\n\n\n<figure class=\"wp-block-table\"><table><tbody><tr><td>1<\/td><td>Aryun Naidu<\/td><td>11<\/td><td>Eindhovense SV<\/td><\/tr><tr><td>2<\/td><td>Jonne Fusers<\/td><td>13<\/td><td>SV Gard\u00e9<\/td><\/tr><tr><td>3<\/td><td>Lorijn Fusers<\/td><td>10<\/td><td>SV Gard\u00e9<\/td><\/tr><tr><td>4<\/td><td>Sebastiaan Witte<\/td><td>10<\/td><td>SV Gard\u00e9<\/td><\/tr><tr><td>5<\/td><td>Paulien Horijon<\/td><td>14<\/td><td>JCS De Pionier<\/td><\/tr><tr><td>6<\/td><td>Gwen Kursten<\/td><td>14<\/td><td>SV Gard\u00e9<\/td><\/tr><tr><td>7<\/td><td>Cathelijne Hut<\/td><td>12<\/td><td>SV Gard\u00e9<\/td><\/tr><tr><td>8<\/td><td>Olivier Hut<\/td><td>14<\/td><td>SV Gard\u00e9<\/td><\/tr><tr><td>9<\/td><td>Artur Pogosov<\/td><td>12<\/td><td>SV Sissa Luyksgestel<\/td><\/tr><tr><td>10<\/td><td>Jurian Bex<\/td><td>14<\/td><td>SV Bladel<\/td><\/tr><tr><td>11<\/td><td>Koen Mathijssen<\/td><td>13<\/td><td>WLC<\/td><\/tr><tr><td>12<\/td><td>Jasper Mathijssen<\/td><td>11<\/td><td>Best Moves<\/td><\/tr><tr><td>13<\/td><td>Alex Godzwon<\/td><td>11<\/td><td>040 Schaakt<\/td><\/tr><tr><td>14<\/td><td>Natan de Vylder<\/td><td>10<\/td><td>SV Gard\u00e9<\/td><\/tr><tr><td>15<\/td><td>Daniel Lulofs<\/td><td>13<\/td><td>Eindhovense SV<\/td><\/tr><tr><td>16<\/td><td>Xavi Suijkerbuijk<\/td><td>11<\/td><td>SV Gard\u00e9<\/td><\/tr><tr><td>17<\/td><td>Lars de Groot<\/td><td>11<\/td><td>040 Schaakt<\/td><\/tr><tr><td>18<\/td><td>Sidney Thiels<\/td><td>14<\/td><td>SV Bladel<\/td><\/tr><tr><td>19<\/td><td>Bjorn Kroon<\/td><td>10<\/td><td>040 Schaakt<\/td><\/tr><tr><td>20<\/td><td>Vera Jongen<\/td><td>8<\/td><td>SV Gard\u00e9<\/td><\/tr><tr><td>21<\/td><td>Anika Prasad<\/td><td>8<\/td><td>Best Moves<\/td><\/tr><tr><td>22<\/td><td>Zjuul Baijens<\/td><td>12<\/td><td>SV Bladel<\/td><\/tr><tr><td>23<\/td><td>Freek Thijssen<\/td><td>10<\/td><td>Eindhovense SV<\/td><\/tr><tr><td>24<\/td><td>Tessie Xia<\/td><td>9<\/td><td>JCS De Pionier<\/td><\/tr><tr><td>25<\/td><td>Joep van Gennip<\/td><td>12<\/td><td>SV Gard\u00e9<\/td><\/tr><tr><td>26<\/td><td>Cidalia Hille<\/td><td>8<\/td><td>040 Schaakt<\/td><\/tr><tr><td>27<\/td><td>Cinar Camdere<\/td><td>8<\/td><td>040 Schaakt<\/td><\/tr><tr><td>28<\/td><td>Marit van Boxel<\/td><td>10<\/td><td>Best Moves<\/td><\/tr><tr><td>29<\/td><td>Siro D\u2019Alessandro<\/td><td>9<\/td><td>SV Gard\u00e9<\/td><\/tr><tr><td>30<\/td><td>Anuraag Nayak<\/td><td>13<\/td><td>Eindhovense SV<\/td><\/tr><tr><td>31<\/td><td>Amber Tromm<\/td><td>13<\/td><td>SV Gard\u00e9<\/td><\/tr><tr><td>32<\/td><td>Arish Gayen<\/td><td>10<\/td><td>WLC<\/td><\/tr><tr><td>33<\/td><td>Sem Kobussen<\/td><td>11<\/td><td>SV Gard\u00e9<\/td><\/tr><tr><td>34<\/td><td>Aadya Tiwari<\/td><td>9<\/td><td><\/td><\/tr><\/tbody><\/table><\/figure>\n","protected":false},"excerpt":{"rendered":"<p>De inschrijvingen zijn gesloten. Mocht je toch nog mee willen neem dan contact op. Deze kinderen gaan mee op Kempenkamp 2022: 1 Aryun Naidu 11 Eindhovense SV 2 Jonne Fusers 13 SV Gard\u00e9 3 Lorijn Fusers 10 SV Gard\u00e9 4 Sebastiaan Witte 10 SV Gard\u00e9 5 Paulien Horijon 14 JCS De Pionier 6 Gwen Kursten [&hellip;]<\/p>\n","protected":false},"author":22,"featured_media":0,"comment_status":"closed","ping_status":"closed","sticky":false,"template":"","format":"standard","meta":{"footnotes":""},"categories":[287],"tags":[],"class_list":["post-5196","post","type-post","status-publish","format-standard","hentry","category-kempenkamp-2022"],"_links":{"self":[{"href":"https:\/\/www.kempenkamp.net\/index.php?rest_route=\/wp\/v2\/posts\/5196","targetHints":{"allow":["GET"]}}],"collection":[{"href":"https:\/\/www.kempenkamp.net\/index.php?rest_route=\/wp\/v2\/posts"}],"about":[{"href":"https:\/\/www.kempenkamp.net\/index.php?rest_route=\/wp\/v2\/types\/post"}],"author":[{"embeddable":true,"href":"https:\/\/www.kempenkamp.net\/index.php?rest_route=\/wp\/v2\/users\/22"}],"replies":[{"embeddable":true,"href":"https:\/\/www.kempenkamp.net\/index.php?rest_route=%2Fwp%2Fv2%2Fcomments&post=5196"}],"version-history":[{"count":39,"href":"https:\/\/www.kempenkamp.net\/index.php?rest_route=\/wp\/v2\/posts\/5196\/revisions"}],"predecessor-version":[{"id":5404,"href":"https:\/\/www.kempenkamp.net\/index.php?rest_route=\/wp\/v2\/posts\/5196\/revisions\/5404"}],"wp:attachment":[{"href":"https:\/\/www.kempenkamp.net\/index.php?rest_route=%2Fwp%2Fv2%2Fmedia&parent=5196"}],"wp:term":[{"taxonomy":"category","embeddable":true,"href":"https:\/\/www.kempenkamp.net\/index.php?rest_route=%2Fwp%2Fv2%2Fcategories&post=5196"},{"taxonomy":"post_tag","embeddable":true,"href":"https:\/\/www.kempenkamp.net\/index.php?rest_route=%2Fwp%2Fv2%2Ftags&post=5196"}],"curies":[{"name":"wp","href":"https:\/\/api.w.org\/{rel}","templated":true}]}}