{"id":4779,"date":"2021-01-15T20:55:27","date_gmt":"2021-01-15T19:55:27","guid":{"rendered":"https:\/\/www.kempenkamp.net\/?p=4779"},"modified":"2021-07-04T17:36:26","modified_gmt":"2021-07-04T16:36:26","slug":"aanmeldingen-2021","status":"publish","type":"post","link":"https:\/\/www.kempenkamp.net\/?p=4779","title":{"rendered":"Aanmeldingen 2021"},"content":{"rendered":"\n<p>Deze kinderen gaan mee op Kempenkamp 2021<\/p>\n\n\n\n<p><table>\n<tr><td>1<\/td><td width='150'>Jonne Fusers<\/td><td width='27'>12<\/td><td>Gard\u00e9<\/td><\/tr>\n<tr><td>2<\/td><td>Lorijn Fusers<\/td><td>9<\/td><td>Gard\u00e9<\/td><\/tr>\n<tr><td>3<\/td><td>Aryun Naidu<\/td><td>10<\/td><td>Eindhoven<\/td><\/tr>\n<tr><td>4<\/td><td>Jurian Bex<\/td><td>13<\/td><td>Bladel<\/td><\/tr>\n<tr><td>5<\/td><td>Olivier Hut<\/td><td>13<\/td><td>Gard\u00e9<\/td><\/tr>\n<tr><td>6<\/td><td>Cathelijne Hut<\/td><td>11<\/td><td>Gard\u00e9<\/td><\/tr>\n<tr><td>7<\/td><td>Iris van der Eng<\/td><td>14<\/td><td>Veldhoven<\/td><\/tr>\n<tr><td>8<\/td><td>Paulien Horijon<\/td><td>13<\/td><td>De Pionier<\/td><\/tr>\n<tr><td>9<\/td><td>Willem Horijon<\/td><td>14<\/td><td>De Pionier<\/td><\/tr>\n<tr><td>10<\/td><td>Koen Mathijssen<\/td><td>12<\/td><td>WLC<\/td><\/tr>\n<tr><td>11<\/td><td>Jasper Mathijssen<\/td><td>10<\/td><td>Best Moves<\/td><\/tr><tr><td>12<\/td><td>Kyano Heesters<\/td><td>10<\/td><td>Bladel<\/td><\/tr><tr><td>13<\/td><td>Dani\u00ebl Lulofs<\/td><td>12<\/td><td>Eindhoven<\/td><\/tr><tr><td>14<\/td><td>Sidney Thiels<\/td><td>13<\/td><td>Bladel<\/td><\/tr><tr><td>15<\/td><td>Alex Godzwon<\/td><td>10<\/td><td>Eindhoven<\/td><\/tr><tr><td>16<\/td><td>Gwen Kursten<\/td><td>13<\/td><td>Gard\u00e9<\/td><\/tr><tr><td>17<\/td><td>Sebastiaan Witte<\/td><td>9<\/td><td>Gard\u00e9<\/td><\/tr><tr><td>18<\/td><td>Liam Pellenbrink<\/td><td>9<\/td><td>Son en Breugel<\/td><\/tr><tr><td>19<\/td><td>Freek Thijssen<\/td><td>9<\/td><td>Son en Breugel<\/td><\/tr><tr><td>20<\/td><td>Arish Gayen<\/td><td>9<\/td><td>WLC<\/td><\/tr><tr><td>21<\/td><td>Valentijn van Warmerdam<\/td><td>14<\/td><td>Eindhoven<\/td><\/tr><tr><td>22<\/td><td>Kevin Gang<\/td><td>9<\/td><td>Eindhoven<\/td><\/tr>\n<\/table><\/p>\n\n\n\n<p><\/p>\n","protected":false},"excerpt":{"rendered":"<p>Deze kinderen gaan mee op Kempenkamp 2021 1 Jonne Fusers 12 Gard\u00e9 2 Lorijn Fusers 9 Gard\u00e9 3 Aryun Naidu 10 Eindhoven 4 Jurian Bex 13 Bladel 5 Olivier Hut 13 Gard\u00e9 6 Cathelijne Hut 11 Gard\u00e9 7 Iris van der Eng 14 Veldhoven 8 Paulien Horijon 13 De Pionier 9 Willem Horijon 14 De [&hellip;]<\/p>\n","protected":false},"author":22,"featured_media":0,"comment_status":"closed","ping_status":"closed","sticky":false,"template":"","format":"standard","meta":{"footnotes":""},"categories":[278],"tags":[],"class_list":["post-4779","post","type-post","status-publish","format-standard","hentry","category-algemeen-2021"],"_links":{"self":[{"href":"https:\/\/www.kempenkamp.net\/index.php?rest_route=\/wp\/v2\/posts\/4779","targetHints":{"allow":["GET"]}}],"collection":[{"href":"https:\/\/www.kempenkamp.net\/index.php?rest_route=\/wp\/v2\/posts"}],"about":[{"href":"https:\/\/www.kempenkamp.net\/index.php?rest_route=\/wp\/v2\/types\/post"}],"author":[{"embeddable":true,"href":"https:\/\/www.kempenkamp.net\/index.php?rest_route=\/wp\/v2\/users\/22"}],"replies":[{"embeddable":true,"href":"https:\/\/www.kempenkamp.net\/index.php?rest_route=%2Fwp%2Fv2%2Fcomments&post=4779"}],"version-history":[{"count":36,"href":"https:\/\/www.kempenkamp.net\/index.php?rest_route=\/wp\/v2\/posts\/4779\/revisions"}],"predecessor-version":[{"id":4917,"href":"https:\/\/www.kempenkamp.net\/index.php?rest_route=\/wp\/v2\/posts\/4779\/revisions\/4917"}],"wp:attachment":[{"href":"https:\/\/www.kempenkamp.net\/index.php?rest_route=%2Fwp%2Fv2%2Fmedia&parent=4779"}],"wp:term":[{"taxonomy":"category","embeddable":true,"href":"https:\/\/www.kempenkamp.net\/index.php?rest_route=%2Fwp%2Fv2%2Fcategories&post=4779"},{"taxonomy":"post_tag","embeddable":true,"href":"https:\/\/www.kempenkamp.net\/index.php?rest_route=%2Fwp%2Fv2%2Ftags&post=4779"}],"curies":[{"name":"wp","href":"https:\/\/api.w.org\/{rel}","templated":true}]}}