{"id":4476,"date":"2020-01-15T10:42:11","date_gmt":"2020-01-15T09:42:11","guid":{"rendered":"https:\/\/www.kempenkamp.net\/?p=4476"},"modified":"2020-06-23T14:13:32","modified_gmt":"2020-06-23T13:13:32","slug":"aanmeldingen-2020","status":"publish","type":"post","link":"https:\/\/www.kempenkamp.net\/?p=4476","title":{"rendered":"Aanmeldingen 2020"},"content":{"rendered":"\n<p> <br>Deze 17 kinderen gaan mee op Kempenkamp 2020<\/p>\n<p><table>\n<tr><td width=20>1<\/td><td width=150>Lorijn Fusers<\/td><td width=40>8<\/td><td>Gard\u00e9<\/td>\n<\/tr>\n<tr><td>2<\/td><td>Jonne Fusers<\/td><td>11<\/td><td>Gard\u00e9<\/td>\n<\/tr>\n<tr><td>3<\/td><td>Paulien Horijon<\/td><td>12<\/td><td>De Pionier<\/td>\n<\/tr>\n<tr><td>4<\/td><td>Aryun Naidu<\/td><td>9<\/td><td>Veldhoven<\/td>\n<\/tr>\n<tr><td>5<\/td><td>Olivier Hut<\/td><td>12<\/td><td>Gard\u00e9<\/td>\n<\/tr>\n<tr><td>6<\/td><td>Cathelijne Hut<\/td><td>10<\/td><td>Gard\u00e9<\/td>\n<\/tr>\n<tr><td>7<\/td><td>Denys Nikitchenko<\/td><td>11<\/td><td>Veldhoven<\/td>\n<\/tr>\n<tr><td>8<\/td><td>Xavi Suijkerbuijk<\/td><td>9<\/td><td>Gard\u00e9<\/td>\n<\/tr>\n<tr><td>9<\/td><td>Dani\u00ebl Lulofs<\/td><td>11<\/td><td>Veldhoven<\/td>\n<\/tr>\n<tr><td>10<\/td><td>Jurian Bex<\/td><td>12<\/td><td>Bladel<\/td>\n<\/tr>\n<tr><td>11<\/td><td>Anuraag Nayak<\/td><td>11<\/td><td>Veldhoven<\/td>\n<\/tr>\n<tr><td>12<\/td><td>Sidney Thiels<\/td><td>12<\/td><td>Bladel<\/td>\n<\/tr>\n<tr><td>13<\/td><td>Karel Gorgy<\/td><td>10<\/td><td>Aalst-Waalre<\/td>\n<\/tr>\n<tr><td>14<\/td><td>Koen Mathijssen<\/td><td>10<\/td><td>WLC<\/td>\n<\/tr>\n<tr><td>15<\/td><td>Jasper Mathijssen<\/td><td>9<\/td><td>WLC<\/td>\n<\/tr>\n<tr><td>16<\/td><td>Sven Suijkerbuijk<\/td><td>10<\/td><td>Gard\u00e9<\/td>\n<\/tr>\n<tr><td>17<\/td><td>Sebastiaan Witte<\/td><td>8<\/td><td>Gard\u00e9<\/td>\n<\/tr>\n<\/table><\/p>\n","protected":false},"excerpt":{"rendered":"<p>Deze 17 kinderen gaan mee op Kempenkamp 2020 1 Lorijn Fusers 8 Gard\u00e9 2 Jonne Fusers 11 Gard\u00e9 3 Paulien Horijon 12 De Pionier 4 Aryun Naidu 9 Veldhoven 5 Olivier Hut 12 Gard\u00e9 6 Cathelijne Hut 10 Gard\u00e9 7 Denys Nikitchenko 11 Veldhoven 8 Xavi Suijkerbuijk 9 Gard\u00e9 9 Dani\u00ebl Lulofs 11 Veldhoven 10 [&hellip;]<\/p>\n","protected":false},"author":22,"featured_media":0,"comment_status":"closed","ping_status":"closed","sticky":false,"template":"","format":"standard","meta":{"footnotes":""},"categories":[276],"tags":[],"class_list":["post-4476","post","type-post","status-publish","format-standard","hentry","category-algemeen2020"],"_links":{"self":[{"href":"https:\/\/www.kempenkamp.net\/index.php?rest_route=\/wp\/v2\/posts\/4476","targetHints":{"allow":["GET"]}}],"collection":[{"href":"https:\/\/www.kempenkamp.net\/index.php?rest_route=\/wp\/v2\/posts"}],"about":[{"href":"https:\/\/www.kempenkamp.net\/index.php?rest_route=\/wp\/v2\/types\/post"}],"author":[{"embeddable":true,"href":"https:\/\/www.kempenkamp.net\/index.php?rest_route=\/wp\/v2\/users\/22"}],"replies":[{"embeddable":true,"href":"https:\/\/www.kempenkamp.net\/index.php?rest_route=%2Fwp%2Fv2%2Fcomments&post=4476"}],"version-history":[{"count":25,"href":"https:\/\/www.kempenkamp.net\/index.php?rest_route=\/wp\/v2\/posts\/4476\/revisions"}],"predecessor-version":[{"id":4590,"href":"https:\/\/www.kempenkamp.net\/index.php?rest_route=\/wp\/v2\/posts\/4476\/revisions\/4590"}],"wp:attachment":[{"href":"https:\/\/www.kempenkamp.net\/index.php?rest_route=%2Fwp%2Fv2%2Fmedia&parent=4476"}],"wp:term":[{"taxonomy":"category","embeddable":true,"href":"https:\/\/www.kempenkamp.net\/index.php?rest_route=%2Fwp%2Fv2%2Fcategories&post=4476"},{"taxonomy":"post_tag","embeddable":true,"href":"https:\/\/www.kempenkamp.net\/index.php?rest_route=%2Fwp%2Fv2%2Ftags&post=4476"}],"curies":[{"name":"wp","href":"https:\/\/api.w.org\/{rel}","templated":true}]}}