{"id":4164,"date":"2019-01-08T13:37:12","date_gmt":"2019-01-08T12:37:12","guid":{"rendered":"https:\/\/www.kempenkamp.net\/?p=4164"},"modified":"2019-07-15T18:26:39","modified_gmt":"2019-07-15T17:26:39","slug":"aanmeldingen-2019","status":"publish","type":"post","link":"https:\/\/www.kempenkamp.net\/?p=4164","title":{"rendered":"Aanmeldingen 2019"},"content":{"rendered":"<h5>Deze 36 kinderen zijn mee geweest op Kempenkamp 2019<\/h5>\n<p>\u00a0<\/p>\n\n\n<table>\n<tr><td width=20>1<\/td><td width=150>Iris van der Eng<\/td><td width=40>12<\/td><td>Veldhoven<\/td>\n<\/tr>\n<tr><td>2<\/td><td>Amber Tromm<\/td><td>11<\/td><td>Gard\u00e9<\/td>\n<\/tr>\n<tr><td>3<\/td><td>Paulien Horijon<\/td><td>11<\/td><td>De Pionier<\/td>\n<\/tr>\n<tr><td>4<\/td><td>Willem Horijon<\/td><td>12<\/td><td>De Pionier<\/td>\n<\/tr>\n<tr><td>5<\/td><td>Jonne Fusers<\/td><td>10<\/td><td>Gard\u00e9<\/td>\n<\/tr>\n<tr><td>6<\/td><td>Gwen Kursten<\/td><td>11<\/td><td>Gard\u00e9<\/td>\n<\/tr>\n<tr><td>7<\/td><td>Merlijn Kursten<\/td><td>13<\/td><td>Gard\u00e9<\/td>\n<\/tr>\n<tr><td>8<\/td><td>Ernst Siegert<\/td><td>12<\/td><td>Mierlo-Geldrop<\/td>\n<\/tr>\n<tr><td>9<\/td><td>Rens van Dijken<\/td><td>12<\/td><td>Aalst-Waalre<\/td>\n<\/tr>\n<tr><td>10<\/td><td>Valentijn van Warmerdam<\/td><td>12<\/td><td>Eindhoven<\/td>\n<\/tr>\n<tr><td>11<\/td><td>Thijs van den Broek<\/td><td>14<\/td><td>Deurne<\/td>\n<\/tr>\n<tr><td>12<\/td><td>Casper Bijker<\/td><td>14<\/td><td>De Pionier<\/td>\n<\/tr>\n<tr><td>13<\/td><td>Tomek Beek<\/td><td>13<\/td><td>Aalst-Waalre<\/td>\n<\/tr>\n<tr><td>14<\/td><td>Rens Beek<\/td><td>13<\/td><td>Aalst-Waalre<\/td>\n<\/tr>\n<tr><td>15<\/td><td>Sebastiaan Blom<\/td><td>13<\/td><td>Eindhoven<\/td>\n<\/tr>\n<tr><td>16<\/td><td>Roos Claassen<\/td><td>12<\/td><td>Gard\u00e9<\/td>\n<\/tr>\n<tr><td>17<\/td><td>Teun Claassen<\/td><td>14<\/td><td>Gard\u00e9<\/td>\n<\/tr>\n<tr><td>18<\/td><td>Jelte Steer<\/td><td>14<\/td><td>Gard\u00e9<\/td>\n<\/tr>\n<tr><td>19<\/td><td>Sven Suijkerbuijk<\/td><td>9<\/td><td>Gard\u00e9<\/td>\n<\/tr>\n<tr><td>20<\/td><td>Xavi Suijkerbuijk<\/td><td>8<\/td><td>Gard\u00e9<\/td>\n<\/tr>\n<tr><td>21<\/td><td>Roel Vluggen<\/td><td>14<\/td><td>Gard\u00e9<\/td>\n<\/tr>\n<tr><td>22<\/td><td>Chris van Deursen<\/td><td>10<\/td><td>Son en Breugel<\/td>\n<\/tr>\n<tr><td>23<\/td><td>Dani\u00ebl Lulofs<\/td><td>10<\/td><td>Veldhoven<\/td>\n<\/tr>\n<tr><td>24<\/td><td>Denys Nikitchenko<\/td><td>10<\/td><td>Veldhoven<\/td>\n<\/tr>\n<tr><td>25<\/td><td>Katya Nikitchenko<\/td><td>13<\/td><td>Veldhoven<\/td>\n<\/tr>\n<tr><td>26<\/td><td>Leo Gorgy<\/td><td>14<\/td><td>Aalst-Waalre<\/td>\n<\/tr>\n<\/tr>\n<tr><td>27<\/td><td>Karel Gorgy<\/td><td>9<\/td><td>Aalst-Waalre<\/td>\n<\/tr>\n<tr><td>28<\/td><td>Sascha Kurt<\/td><td>9<\/td><td>Eindhoven<\/td>\n<\/tr>\n<tr><td>29<\/td><td>Stef Mohnen<\/td><td>14<\/td><td>Aalst-Waalre<\/td>\n<\/tr>\n<tr><td>30<\/td><td>Dayen van der Veen<\/td><td>9<\/td><td>Son en Breugel<\/td>\n<\/tr>\n<tr><td>31<\/td><td>Lars Rutjens<\/td><td>12<\/td><td>Mierlo-Geldrop<\/td>\n<\/tr>\n<tr><td>32<\/td><td>Olivier Hut<\/td><td>11<\/td><td>Gard\u00e9<\/td>\n<\/tr>\n<tr><td>33<\/td><td>Koen Mathijssen<\/td><td>9<\/td><td>WLC<\/td>\n<\/tr>\n<tr><td>34<\/td><td>Jasper Mathijssen<\/td><td>8<\/td><td>Eindhoven<\/td>\n<\/tr>\n<tr><td>35<\/td><td>Noor Schram<\/td><td>11<\/td><td>Sissa Luyksgestel<\/td>\n<\/tr>\n<tr><td>36<\/td><td>Marissa Steur<\/td><td>8<\/td><td>De Pionier<\/td>\n<\/tr>\n<\/table>\n","protected":false},"excerpt":{"rendered":"<p>Deze 36 kinderen zijn mee geweest op Kempenkamp 2019 \u00a0 1 Iris van der Eng 12 Veldhoven 2 Amber Tromm 11 Gard\u00e9 3 Paulien Horijon 11 De Pionier 4 Willem Horijon 12 De Pionier 5 Jonne Fusers 10 Gard\u00e9 6 Gwen Kursten 11 Gard\u00e9 7 Merlijn Kursten 13 Gard\u00e9 8 Ernst Siegert 12 Mierlo-Geldrop 9 [&hellip;]<\/p>\n","protected":false},"author":22,"featured_media":0,"comment_status":"closed","ping_status":"closed","sticky":false,"template":"","format":"standard","meta":{"footnotes":""},"categories":[249],"tags":[],"class_list":["post-4164","post","type-post","status-publish","format-standard","hentry","category-aanmeldingen2019"],"_links":{"self":[{"href":"https:\/\/www.kempenkamp.net\/index.php?rest_route=\/wp\/v2\/posts\/4164","targetHints":{"allow":["GET"]}}],"collection":[{"href":"https:\/\/www.kempenkamp.net\/index.php?rest_route=\/wp\/v2\/posts"}],"about":[{"href":"https:\/\/www.kempenkamp.net\/index.php?rest_route=\/wp\/v2\/types\/post"}],"author":[{"embeddable":true,"href":"https:\/\/www.kempenkamp.net\/index.php?rest_route=\/wp\/v2\/users\/22"}],"replies":[{"embeddable":true,"href":"https:\/\/www.kempenkamp.net\/index.php?rest_route=%2Fwp%2Fv2%2Fcomments&post=4164"}],"version-history":[{"count":35,"href":"https:\/\/www.kempenkamp.net\/index.php?rest_route=\/wp\/v2\/posts\/4164\/revisions"}],"predecessor-version":[{"id":4431,"href":"https:\/\/www.kempenkamp.net\/index.php?rest_route=\/wp\/v2\/posts\/4164\/revisions\/4431"}],"wp:attachment":[{"href":"https:\/\/www.kempenkamp.net\/index.php?rest_route=%2Fwp%2Fv2%2Fmedia&parent=4164"}],"wp:term":[{"taxonomy":"category","embeddable":true,"href":"https:\/\/www.kempenkamp.net\/index.php?rest_route=%2Fwp%2Fv2%2Fcategories&post=4164"},{"taxonomy":"post_tag","embeddable":true,"href":"https:\/\/www.kempenkamp.net\/index.php?rest_route=%2Fwp%2Fv2%2Ftags&post=4164"}],"curies":[{"name":"wp","href":"https:\/\/api.w.org\/{rel}","templated":true}]}}