{"id":3800,"date":"2018-01-10T14:15:03","date_gmt":"2018-01-10T13:15:03","guid":{"rendered":"https:\/\/www.kempenkamp.net\/?p=3800"},"modified":"2018-07-18T11:12:38","modified_gmt":"2018-07-18T10:12:38","slug":"aanmeldingen","status":"publish","type":"post","link":"https:\/\/www.kempenkamp.net\/?p=3800","title":{"rendered":"Aanmeldingen 2018"},"content":{"rendered":"<p>Deze 32 kinderen zijn mee geweest op Kempenkamp 2018.<\/p>\n<table style=\"border-collapse: collapse; width: 280pt;\" border=\"0\" cellspacing=\"0\" cellpadding=\"0\">\n<tbody>\n<tr style=\"height: 15pt;\">\n<td style=\"height: 15pt; width: 32pt;\" height=\"20\"><\/td>\n<td style=\"width: 370pt;\"><b>Naam<\/b><\/td>\n<td style=\"width: 220pt;\" align=\"center\"><b>Leeftijd op kamp<\/b><\/td>\n<td style=\"width: 180pt;\"><b>Schaakclub<\/b><\/td>\n<\/tr>\n<tr>\n<td>1<\/td>\n<td>Merlijn Kursten<\/td>\n<td align=\"center\">12<\/td>\n<td>Gard\u00e9<\/td>\n<\/tr>\n<tr>\n<td>2<\/td>\n<td>Gwen Kursten<\/td>\n<td align=\"center\">10<\/td>\n<td>Gard\u00e9<\/td>\n<\/tr>\n<tr>\n<td>3<\/td>\n<td>Ernst Siegert<\/td>\n<td align=\"center\">11<\/td>\n<td>Mierlo-Geldrop<\/td>\n<\/tr>\n<tr>\n<td>4<\/td>\n<td>Amber Tromm<\/td>\n<td align=\"center\">10<\/td>\n<td>Gard\u00e9<\/td>\n<\/tr>\n<tr>\n<td>5<\/td>\n<td>Jonne Fusers<\/td>\n<td align=\"center\">9<\/td>\n<td>Gard\u00e9<\/td>\n<\/tr>\n<tr>\n<td>6<\/td>\n<td>Jannes Kuipers<\/td>\n<td align=\"center\">13<\/td>\n<td>Gard\u00e9<\/td>\n<\/tr>\n<tr>\n<td>7<\/td>\n<td>Leo Gorgy<\/td>\n<td align=\"center\">13<\/td>\n<td>Aalst-Waalre<\/td>\n<\/tr>\n<tr>\n<td>8<\/td>\n<td>Karel Gorgy<\/td>\n<td align=\"center\">8<\/td>\n<td>Aalst-Waalre<\/td>\n<\/tr>\n<tr>\n<td>9<\/td>\n<td>Chris van Deursen<\/td>\n<td align=\"center\">9<\/td>\n<td>Son en Breugel<\/td>\n<\/tr>\n<tr>\n<td>10<\/td>\n<td>Marius Beek<\/td>\n<td align=\"center\">14<\/td>\n<td>Aalst-Waalre<\/td>\n<\/tr>\n<tr>\n<td>11<\/td>\n<td>Tomek Beek<\/td>\n<td align=\"center\">12<\/td>\n<td>Aalst-Waalre<\/td>\n<\/tr>\n<tr>\n<td>12<\/td>\n<td>Rens Beek<\/td>\n<td align=\"center\">12<\/td>\n<td>Aalst-Waalre<\/td>\n<\/tr>\n<tr>\n<td>13<\/td>\n<td>Valentijn van Warmerdam<\/td>\n<td align=\"center\">11<\/td>\n<td>Eindhoven<\/td>\n<\/tr>\n<tr>\n<td>14<\/td>\n<td>Jelte Steer<\/td>\n<td align=\"center\">13<\/td>\n<td>Gard\u00e9<\/td>\n<\/tr>\n<tr>\n<td>15<\/td>\n<td>Teun Claassen<\/td>\n<td align=\"center\">13<\/td>\n<td>Gard\u00e9<\/td>\n<\/tr>\n<tr>\n<td>16<\/td>\n<td>Roos Claassen<\/td>\n<td align=\"center\">11<\/td>\n<td>Gard\u00e9<\/td>\n<\/tr>\n<tr>\n<td>17<\/td>\n<td>Iris van der Eng<\/td>\n<td align=\"center\">11<\/td>\n<td>Veldhoven<\/td>\n<\/tr>\n<tr>\n<td>18<\/td>\n<td>Kevin Gijsbers<\/td>\n<td align=\"center\">14<\/td>\n<td>Aalst-Waalre<\/td>\n<\/tr>\n<tr>\n<td>19<\/td>\n<td>Dani\u00ebl Lulofs<\/td>\n<td align=\"center\">9<\/td>\n<td>Veldhoven<\/td>\n<\/tr>\n<tr>\n<td>20<\/td>\n<td>Thijs vd Broek<\/td>\n<td align=\"center\">13<\/td>\n<td>Deurne<\/td>\n<\/tr>\n<tr>\n<td>21<\/td>\n<td>Mika Rutjens<\/td>\n<td align=\"center\">14<\/td>\n<td>Deurne<\/td>\n<\/tr>\n<tr>\n<td>22<\/td>\n<td>Lars Rutjens<\/td>\n<td align=\"center\">11<\/td>\n<td>Deurne<\/td>\n<\/tr>\n<tr>\n<td>23<\/td>\n<td>Koen Mathijssen<\/td>\n<td align=\"center\">8<\/td>\n<td>WLC<\/td>\n<\/tr>\n<tr>\n<td>24<\/td>\n<td>Rens van Dijken<\/td>\n<td align=\"center\">11<\/td>\n<td>Aalst-Waalre<\/td>\n<\/tr>\n<tr>\n<td>25<\/td>\n<td>Sebastiaan Blom<\/td>\n<td align=\"center\">12<\/td>\n<td>Eindhoven<\/td>\n<\/tr>\n<tr>\n<td>26<\/td>\n<td>Katya Nikitchenko<\/td>\n<td align=\"center\">12<\/td>\n<td>Veldhoven<\/td>\n<\/tr>\n<tr>\n<td>27<\/td>\n<td>Denys Nikitchenko<\/td>\n<td align=\"center\">9<\/td>\n<td>Veldhoven<\/td>\n<\/tr>\n<tr>\n<td>28<\/td>\n<td>Siebe Holshuijsen<\/td>\n<td align=\"center\">9<\/td>\n<td>Son en Breugel<\/td>\n<\/tr>\n<tr>\n<td>29<\/td>\n<td>Dion Nuijens<\/td>\n<td align=\"center\">14<\/td>\n<td>Gard\u00e9<\/td>\n<\/tr>\n<tr>\n<td>30<\/td>\n<td>Jasper Fianen<\/td>\n<td align=\"center\">11<\/td>\n<td>Aalst-Waalre<\/td>\n<\/tr>\n<tr>\n<td>31<\/td>\n<td>Casper Bijker<\/td>\n<td align=\"center\">13<\/td>\n<td>De Pionier<\/td>\n<\/tr>\n<tr>\n<td>32<\/td>\n<td>Noor Schram<\/td>\n<td align=\"center\">10<\/td>\n<td>Sissa Luyksgestel<\/td>\n<\/tr>\n<\/tbody>\n<\/table>\n","protected":false},"excerpt":{"rendered":"<p>Deze 32 kinderen zijn mee geweest op Kempenkamp 2018. Naam Leeftijd op kamp Schaakclub 1 Merlijn Kursten 12 Gard\u00e9 2 Gwen Kursten 10 Gard\u00e9 3 Ernst Siegert 11 Mierlo-Geldrop 4 Amber Tromm 10 Gard\u00e9 5 Jonne Fusers 9 Gard\u00e9 6 Jannes Kuipers 13 Gard\u00e9 7 Leo Gorgy 13 Aalst-Waalre 8 Karel Gorgy 8 Aalst-Waalre 9 [&hellip;]<\/p>\n","protected":false},"author":22,"featured_media":0,"comment_status":"closed","ping_status":"closed","sticky":false,"template":"","format":"standard","meta":{"footnotes":""},"categories":[222],"tags":[],"class_list":["post-3800","post","type-post","status-publish","format-standard","hentry","category-aanmeldingen2018"],"_links":{"self":[{"href":"https:\/\/www.kempenkamp.net\/index.php?rest_route=\/wp\/v2\/posts\/3800","targetHints":{"allow":["GET"]}}],"collection":[{"href":"https:\/\/www.kempenkamp.net\/index.php?rest_route=\/wp\/v2\/posts"}],"about":[{"href":"https:\/\/www.kempenkamp.net\/index.php?rest_route=\/wp\/v2\/types\/post"}],"author":[{"embeddable":true,"href":"https:\/\/www.kempenkamp.net\/index.php?rest_route=\/wp\/v2\/users\/22"}],"replies":[{"embeddable":true,"href":"https:\/\/www.kempenkamp.net\/index.php?rest_route=%2Fwp%2Fv2%2Fcomments&post=3800"}],"version-history":[{"count":41,"href":"https:\/\/www.kempenkamp.net\/index.php?rest_route=\/wp\/v2\/posts\/3800\/revisions"}],"predecessor-version":[{"id":4126,"href":"https:\/\/www.kempenkamp.net\/index.php?rest_route=\/wp\/v2\/posts\/3800\/revisions\/4126"}],"wp:attachment":[{"href":"https:\/\/www.kempenkamp.net\/index.php?rest_route=%2Fwp%2Fv2%2Fmedia&parent=3800"}],"wp:term":[{"taxonomy":"category","embeddable":true,"href":"https:\/\/www.kempenkamp.net\/index.php?rest_route=%2Fwp%2Fv2%2Fcategories&post=3800"},{"taxonomy":"post_tag","embeddable":true,"href":"https:\/\/www.kempenkamp.net\/index.php?rest_route=%2Fwp%2Fv2%2Ftags&post=3800"}],"curies":[{"name":"wp","href":"https:\/\/api.w.org\/{rel}","templated":true}]}}