{"id":3012,"date":"2016-01-26T12:36:09","date_gmt":"2016-01-26T11:36:09","guid":{"rendered":"http:\/\/www.kempenkamp.net\/?p=3012"},"modified":"2016-06-29T12:10:29","modified_gmt":"2016-06-29T11:10:29","slug":"aanmeldingen-2016","status":"publish","type":"post","link":"https:\/\/www.kempenkamp.net\/?p=3012","title":{"rendered":"Aanmeldingen 2016"},"content":{"rendered":"<p>Deze 35 kinderen gaan mee op Kempenkamp!<\/p>\n<p>&nbsp;<\/p>\n<table style=\"border-collapse: collapse; width: 254pt;\" border=\"0\" width=\"338\" cellspacing=\"0\" cellpadding=\"0\">\n<tbody>\n<tr style=\"height: 15pt;\">\n<td style=\"height: 15pt; width: 32pt;\" height=\"20\"><\/td>\n<td style=\"width: 330pt;\"><b>Naam<\/b><\/td>\n<td style=\"width: 300pt;\" align=\"center\"><b>Leeftijd<\/b><\/td>\n<td style=\"width: 240pt;\"><b>Schaakclub<\/b><\/td>\n<\/tr>\n<tr>\n<td>1<\/td>\n<td>Merlijn Kursten<\/td>\n<td align=\"center\">10<\/td>\n<td>Gard\u00e9<\/td>\n<\/tr>\n<tr>\n<td>2<\/td>\n<td>Gwen Kursten<\/td>\n<td align=\"center\">8<\/td>\n<td>Gard\u00e9<\/td>\n<\/tr>\n<tr>\n<td>3<\/td>\n<td>Fobbe Steer<\/td>\n<td align=\"center\">14<\/td>\n<td>Gard\u00e9<\/td>\n<\/tr>\n<tr>\n<td>4<\/td>\n<td>Jelte Steer<\/td>\n<td align=\"center\">11<\/td>\n<td>Gard\u00e9<\/td>\n<\/tr>\n<tr>\n<td>5<\/td>\n<td>Bart van Asperdt<\/td>\n<td align=\"center\">14<\/td>\n<td>De Pionier<\/td>\n<\/tr>\n<tr>\n<td>6<\/td>\n<td>Guus van der Velden<\/td>\n<td align=\"center\">13<\/td>\n<td>Nuenen<\/td>\n<\/tr>\n<tr>\n<td>7<\/td>\n<td>Thomas Eleveld<\/td>\n<td align=\"center\">10<\/td>\n<td>Eindhoven<\/td>\n<\/tr>\n<tr>\n<td>8<\/td>\n<td>Timo Vos<\/td>\n<td align=\"center\">14<\/td>\n<td>Mierlo-Geldrop<\/td>\n<\/tr>\n<tr>\n<td>9<\/td>\n<td>Ernst Siegert<\/td>\n<td align=\"center\">9<\/td>\n<td>Mierlo-Geldrop<\/td>\n<\/tr>\n<tr>\n<td>10<\/td>\n<td>Michael Lomans<\/td>\n<td align=\"center\">13<\/td>\n<td>Veldhoven<\/td>\n<\/tr>\n<tr>\n<td>11<\/td>\n<td>Thomas Lomans<\/td>\n<td align=\"center\">13<\/td>\n<td>Veldhoven<\/td>\n<\/tr>\n<tr>\n<td>12<\/td>\n<td>Dirk Ogier<\/td>\n<td align=\"center\">13<\/td>\n<td>Gard\u00e9<\/td>\n<\/tr>\n<tr>\n<td>13<\/td>\n<td>Marius Beek<\/td>\n<td align=\"center\">12<\/td>\n<td>Aalst-Waalre<\/td>\n<\/tr>\n<tr>\n<td>14<\/td>\n<td>Tomek Beek<\/td>\n<td align=\"center\">10<\/td>\n<td>Aalst-Waalre<\/td>\n<\/tr>\n<tr>\n<td>15<\/td>\n<td>Rens Beek<\/td>\n<td align=\"center\">10<\/td>\n<td>Aalst-Waalre<\/td>\n<\/tr>\n<tr>\n<td>16<\/td>\n<td>Jannes Kuipers<\/td>\n<td align=\"center\">11<\/td>\n<td>Gard\u00e9<\/td>\n<\/tr>\n<tr>\n<td>17<\/td>\n<td>Oleksander Telyuk<\/td>\n<td align=\"center\">13<\/td>\n<td>Nuenen<\/td>\n<\/tr>\n<tr>\n<td>18<\/td>\n<td>Xander Ye<\/td>\n<td align=\"center\">13<\/td>\n<td>Gard\u00e9<\/td>\n<\/tr>\n<tr>\n<td>19<\/td>\n<td>Willem Horijon<\/td>\n<td align=\"center\">9<\/td>\n<td>Deurne<\/td>\n<\/tr>\n<tr>\n<td>20<\/td>\n<td>Teun Claassen<\/td>\n<td align=\"center\">12<\/td>\n<td>Gard\u00e9<\/td>\n<\/tr>\n<tr>\n<td>21<\/td>\n<td>Iris van der Eng<\/td>\n<td align=\"center\">9<\/td>\n<td>Veldhoven<\/td>\n<\/tr>\n<tr>\n<td>22<\/td>\n<td>Ties Verberne<\/td>\n<td align=\"center\">11<\/td>\n<td>De Pionier<\/td>\n<\/tr>\n<tr>\n<td>23<\/td>\n<td>Lucas Prins<\/td>\n<td align=\"center\">14<\/td>\n<td>De Pionier<\/td>\n<\/tr>\n<tr>\n<td>24<\/td>\n<td>Casper Bijker<\/td>\n<td align=\"center\">11<\/td>\n<td>De Pionier<\/td>\n<\/tr>\n<tr>\n<td>25<\/td>\n<td>Leo Gorgy<\/td>\n<td align=\"center\">11<\/td>\n<td>Aalst-Waalre<\/td>\n<\/tr>\n<tr>\n<td>26<\/td>\n<td>Koen Aarts<\/td>\n<td align=\"center\">10<\/td>\n<td>Deurne<\/td>\n<\/tr>\n<tr>\n<td>27<\/td>\n<td>Mika Rutjens<\/td>\n<td align=\"center\">12<\/td>\n<td>Deurne<\/td>\n<\/tr>\n<tr>\n<td>28<\/td>\n<td>Lars Rutjens<\/td>\n<td align=\"center\">9<\/td>\n<td>Deurne<\/td>\n<\/tr>\n<tr>\n<td>29<\/td>\n<td>Emily Heugen<\/td>\n<td align=\"center\">11<\/td>\n<td>Veldhoven<\/td>\n<\/tr>\n<tr>\n<td>30<\/td>\n<td>Kevin Gijsbers<\/td>\n<td align=\"center\">12<\/td>\n<td>Aalst-Waalre<\/td>\n<\/tr>\n<tr>\n<td>31<\/td>\n<td>Vlad Mitcan<\/td>\n<td align=\"center\">8<\/td>\n<td>Son en Breugel<\/td>\n<\/tr>\n<tr>\n<td>32<\/td>\n<td>Rob Schram<\/td>\n<td align=\"center\">10<\/td>\n<td>Sissa Luyksgestel<\/td>\n<\/tr>\n<tr>\n<td>33<\/td>\n<td>Noor Schram<\/td>\n<td align=\"center\">8<\/td>\n<td>Sissa Luyksgestel<\/td>\n<\/tr>\n<tr>\n<td>34<\/td>\n<td>Skanda Bhat<\/td>\n<td align=\"center\">8<\/td>\n<td>WLC<\/td>\n<\/tr>\n<tr>\n<td>35<\/td>\n<td>Dion Nuijens<\/td>\n<td align=\"center\">12<\/td>\n<td>Gard\u00e9<\/td>\n<\/tr>\n<\/tbody>\n<\/table>\n","protected":false},"excerpt":{"rendered":"<p>Deze 35 kinderen gaan mee op Kempenkamp! &nbsp; Naam Leeftijd Schaakclub 1 Merlijn Kursten 10 Gard\u00e9 2 Gwen Kursten 8 Gard\u00e9 3 Fobbe Steer 14 Gard\u00e9 4 Jelte Steer 11 Gard\u00e9 5 Bart van Asperdt 14 De Pionier 6 Guus van der Velden 13 Nuenen 7 Thomas Eleveld 10 Eindhoven 8 Timo Vos 14 Mierlo-Geldrop [&hellip;]<\/p>\n","protected":false},"author":25,"featured_media":0,"comment_status":"closed","ping_status":"closed","sticky":false,"template":"","format":"standard","meta":{"footnotes":""},"categories":[186],"tags":[],"class_list":["post-3012","post","type-post","status-publish","format-standard","hentry","category-aanmeldingen-2016"],"_links":{"self":[{"href":"https:\/\/www.kempenkamp.net\/index.php?rest_route=\/wp\/v2\/posts\/3012","targetHints":{"allow":["GET"]}}],"collection":[{"href":"https:\/\/www.kempenkamp.net\/index.php?rest_route=\/wp\/v2\/posts"}],"about":[{"href":"https:\/\/www.kempenkamp.net\/index.php?rest_route=\/wp\/v2\/types\/post"}],"author":[{"embeddable":true,"href":"https:\/\/www.kempenkamp.net\/index.php?rest_route=\/wp\/v2\/users\/25"}],"replies":[{"embeddable":true,"href":"https:\/\/www.kempenkamp.net\/index.php?rest_route=%2Fwp%2Fv2%2Fcomments&post=3012"}],"version-history":[{"count":52,"href":"https:\/\/www.kempenkamp.net\/index.php?rest_route=\/wp\/v2\/posts\/3012\/revisions"}],"predecessor-version":[{"id":3180,"href":"https:\/\/www.kempenkamp.net\/index.php?rest_route=\/wp\/v2\/posts\/3012\/revisions\/3180"}],"wp:attachment":[{"href":"https:\/\/www.kempenkamp.net\/index.php?rest_route=%2Fwp%2Fv2%2Fmedia&parent=3012"}],"wp:term":[{"taxonomy":"category","embeddable":true,"href":"https:\/\/www.kempenkamp.net\/index.php?rest_route=%2Fwp%2Fv2%2Fcategories&post=3012"},{"taxonomy":"post_tag","embeddable":true,"href":"https:\/\/www.kempenkamp.net\/index.php?rest_route=%2Fwp%2Fv2%2Ftags&post=3012"}],"curies":[{"name":"wp","href":"https:\/\/api.w.org\/{rel}","templated":true}]}}