{"id":2533,"date":"2015-01-25T14:46:32","date_gmt":"2015-01-25T13:46:32","guid":{"rendered":"http:\/\/www.kempenkamp.net\/?p=2533"},"modified":"2015-07-25T15:40:44","modified_gmt":"2015-07-25T14:40:44","slug":"aanmeldingen-2015","status":"publish","type":"post","link":"https:\/\/www.kempenkamp.net\/?p=2533","title":{"rendered":"Aanmeldingen 2015"},"content":{"rendered":"<p><strong>Deze 37 kinderen zijn dit jaar meegegaan op Kempenkamp!<\/strong><\/p>\n<table style=\"border-collapse: collapse; width: 254pt;\" border=\"0\" width=\"338\" cellspacing=\"0\" cellpadding=\"0\">\n<tbody>\n<tr style=\"height: 15pt;\">\n<td style=\"height: 15pt; width: 32pt;\" height=\"20\"><\/td>\n<td style=\"width: 330pt;\"><b>Naam<\/b><\/td>\n<td style=\"width: 220pt;\" align=\"center\"><b>Leeftijd<\/b><\/td>\n<td style=\"width: 200pt;\"><b>Schaakclub<\/b><\/td>\n<\/tr>\n<tr>\n<td>1<\/td>\n<td>Bart van Asperdt<\/td>\n<td align=\"center\">13<\/td>\n<td>De Pionier<\/td>\n<\/tr>\n<tr>\n<td>2<\/td>\n<td>Merlijn Kursten<\/td>\n<td align=\"center\">9<\/td>\n<td>Gard\u00e9<\/td>\n<\/tr>\n<tr>\n<td>3<\/td>\n<td>Timo Vos<\/td>\n<td align=\"center\">12\/13<\/td>\n<td>Mierlo-Geldrop<\/td>\n<\/tr>\n<tr>\n<td>4<\/td>\n<td>Fons Scheepers<\/td>\n<td align=\"center\">14<\/td>\n<td>Gard\u00e9<\/td>\n<\/tr>\n<tr>\n<td>5<\/td>\n<td>Joeri Schouten<\/td>\n<td align=\"center\">12<\/td>\n<td>Gard\u00e9<\/td>\n<\/tr>\n<tr>\n<td>6<\/td>\n<td>Thomas Lomans<\/td>\n<td align=\"center\">12<\/td>\n<td>Veldhoven<\/td>\n<\/tr>\n<tr>\n<td>7<\/td>\n<td>Michael Lomans<\/td>\n<td align=\"center\">12<\/td>\n<td>Veldhoven<\/td>\n<\/tr>\n<tr>\n<td>8<\/td>\n<td>Fobbe Steer<\/td>\n<td align=\"center\">13<\/td>\n<td>Gard\u00e9<\/td>\n<\/tr>\n<tr>\n<td>9<\/td>\n<td>Jelte Steer<\/td>\n<td align=\"center\">10<\/td>\n<td>Gard\u00e9<\/td>\n<\/tr>\n<tr>\n<td>10<\/td>\n<td>Dirk Ogier<\/td>\n<td align=\"center\">12<\/td>\n<td>Gard\u00e9<\/td>\n<\/tr>\n<tr>\n<td>11<\/td>\n<td>Mika Rutjens<\/td>\n<td align=\"center\">11<\/td>\n<td>Deurne<\/td>\n<\/tr>\n<tr>\n<td>12<\/td>\n<td>Lars Rutjens<\/td>\n<td align=\"center\">8<\/td>\n<td>Deurne<\/td>\n<\/tr>\n<tr>\n<td>13<\/td>\n<td>Faas Ramaekers<\/td>\n<td align=\"center\">12<\/td>\n<td>Deurne<\/td>\n<\/tr>\n<tr>\n<td>14<\/td>\n<td>Jonas Ramaekers<\/td>\n<td align=\"center\">14<\/td>\n<td>Deurne<\/td>\n<\/tr>\n<tr>\n<td>15<\/td>\n<td>Casper Bijker<\/td>\n<td align=\"center\">10<\/td>\n<td>De Pionier<\/td>\n<\/tr>\n<tr>\n<td>16<\/td>\n<td>Daan Hubers<\/td>\n<td align=\"center\">11<\/td>\n<td>Deurne<\/td>\n<\/tr>\n<tr>\n<td>17<\/td>\n<td>Kevin Gijsbers<\/td>\n<td align=\"center\">11<\/td>\n<td>Aalst-Waalre<\/td>\n<\/tr>\n<tr>\n<td>18<\/td>\n<td>Daphne Gijsbers<\/td>\n<td align=\"center\">14<\/td>\n<td>Aalst-Waalre<\/td>\n<\/tr>\n<tr>\n<td>19<\/td>\n<td>Marius Beek<\/td>\n<td align=\"center\">11<\/td>\n<td>Aalst-Waalre<\/td>\n<\/tr>\n<tr>\n<td>20<\/td>\n<td>Tomek Beek<\/td>\n<td align=\"center\">9<\/td>\n<td>Aalst-Waalre<\/td>\n<\/tr>\n<tr>\n<td>21<\/td>\n<td>Rens Beek<\/td>\n<td align=\"center\">9<\/td>\n<td>Aalst-Waalre<\/td>\n<\/tr>\n<tr>\n<td>22<\/td>\n<td>Siep de Jong<\/td>\n<td align=\"center\">10<\/td>\n<td>Eindhoven<\/td>\n<\/tr>\n<tr>\n<td>23<\/td>\n<td>Jannes Kuipers<\/td>\n<td align=\"center\">10<\/td>\n<td>Gard\u00e9<\/td>\n<\/tr>\n<tr>\n<td>24<\/td>\n<td>Rob Schram<\/td>\n<td align=\"center\">9<\/td>\n<td>Sissa Luyksgestel<\/td>\n<\/tr>\n<tr>\n<td>25<\/td>\n<td>Thijs Kuijpers<\/td>\n<td align=\"center\">11<\/td>\n<td>Sissa Luyksgestel<\/td>\n<\/tr>\n<tr>\n<td>26<\/td>\n<td>Rens Kuijpers<\/td>\n<td align=\"center\">9<\/td>\n<td>Sissa Luyksgestel<\/td>\n<\/tr>\n<tr>\n<td>27<\/td>\n<td>Guus van der Velden<\/td>\n<td align=\"center\">12<\/td>\n<td>Nuenen<\/td>\n<\/tr>\n<tr>\n<td>28<\/td>\n<td>Oleksander Telyuk<\/td>\n<td align=\"center\">12<\/td>\n<td>Nuenen<\/td>\n<\/tr>\n<tr>\n<td>29<\/td>\n<td>Thomas Eleveld<\/td>\n<td align=\"center\">9<\/td>\n<td>Eindhoven<\/td>\n<\/tr>\n<tr>\n<td>30<\/td>\n<td>Mik Horlings<\/td>\n<td align=\"center\">10<\/td>\n<td>Eindhoven<\/td>\n<\/tr>\n<tr>\n<td>31<\/td>\n<td>Frederique van Hoof<\/td>\n<td align=\"center\">14<\/td>\n<td>De Pionier<\/td>\n<\/tr>\n<tr>\n<td>32<\/td>\n<td>Jesse Allaart<\/td>\n<td align=\"center\">12<\/td>\n<td>Eindhoven<\/td>\n<\/tr>\n<tr>\n<td>33<\/td>\n<td>Quinn Kampen<\/td>\n<td align=\"center\">10<\/td>\n<td>De Pionier<\/td>\n<\/tr>\n<tr>\n<td>34<\/td>\n<td>Lieke van Dam<\/td>\n<td align=\"center\">10<\/td>\n<td>Eindhoven<\/td>\n<\/tr>\n<tr>\n<td>35<\/td>\n<td>Mayra den Breeje<\/td>\n<td align=\"center\">10<\/td>\n<td>Eindhoven<\/td>\n<\/tr>\n<tr>\n<td>36<\/td>\n<td>Tim van Hooff<\/td>\n<td align=\"center\">8<\/td>\n<td>De Pionier<\/td>\n<\/tr>\n<tr>\n<td>37<\/td>\n<td>Lucas Prins<\/td>\n<td align=\"center\">13<\/td>\n<td>De Pionier<\/td>\n<\/tr>\n<\/tbody>\n<\/table>\n","protected":false},"excerpt":{"rendered":"<p>Deze 37 kinderen zijn dit jaar meegegaan op Kempenkamp! Naam Leeftijd Schaakclub 1 Bart van Asperdt 13 De Pionier 2 Merlijn Kursten 9 Gard\u00e9 3 Timo Vos 12\/13 Mierlo-Geldrop 4 Fons Scheepers 14 Gard\u00e9 5 Joeri Schouten 12 Gard\u00e9 6 Thomas Lomans 12 Veldhoven 7 Michael Lomans 12 Veldhoven 8 Fobbe Steer 13 Gard\u00e9 9 [&hellip;]<\/p>\n","protected":false},"author":25,"featured_media":0,"comment_status":"closed","ping_status":"closed","sticky":false,"template":"","format":"standard","meta":{"footnotes":""},"categories":[178],"tags":[],"class_list":["post-2533","post","type-post","status-publish","format-standard","hentry","category-aanmeldingen-2015"],"_links":{"self":[{"href":"https:\/\/www.kempenkamp.net\/index.php?rest_route=\/wp\/v2\/posts\/2533","targetHints":{"allow":["GET"]}}],"collection":[{"href":"https:\/\/www.kempenkamp.net\/index.php?rest_route=\/wp\/v2\/posts"}],"about":[{"href":"https:\/\/www.kempenkamp.net\/index.php?rest_route=\/wp\/v2\/types\/post"}],"author":[{"embeddable":true,"href":"https:\/\/www.kempenkamp.net\/index.php?rest_route=\/wp\/v2\/users\/25"}],"replies":[{"embeddable":true,"href":"https:\/\/www.kempenkamp.net\/index.php?rest_route=%2Fwp%2Fv2%2Fcomments&post=2533"}],"version-history":[{"count":47,"href":"https:\/\/www.kempenkamp.net\/index.php?rest_route=\/wp\/v2\/posts\/2533\/revisions"}],"predecessor-version":[{"id":2900,"href":"https:\/\/www.kempenkamp.net\/index.php?rest_route=\/wp\/v2\/posts\/2533\/revisions\/2900"}],"wp:attachment":[{"href":"https:\/\/www.kempenkamp.net\/index.php?rest_route=%2Fwp%2Fv2%2Fmedia&parent=2533"}],"wp:term":[{"taxonomy":"category","embeddable":true,"href":"https:\/\/www.kempenkamp.net\/index.php?rest_route=%2Fwp%2Fv2%2Fcategories&post=2533"},{"taxonomy":"post_tag","embeddable":true,"href":"https:\/\/www.kempenkamp.net\/index.php?rest_route=%2Fwp%2Fv2%2Ftags&post=2533"}],"curies":[{"name":"wp","href":"https:\/\/api.w.org\/{rel}","templated":true}]}}