{"id":237,"date":"2006-07-01T07:22:46","date_gmt":"2006-07-01T06:22:46","guid":{"rendered":"http:\/\/kempenkamp.net\/?p=237"},"modified":"2006-07-01T07:22:46","modified_gmt":"2006-07-01T06:22:46","slug":"deelnemers-2006","status":"publish","type":"post","link":"https:\/\/www.kempenkamp.net\/?p=237","title":{"rendered":"Deelnemers 2006"},"content":{"rendered":"<table border=\"0\" class=\"maintext\">\n<tr align=\"left\">\n<th><\/th>\n<th>Voornaam<\/th>\n<th>Achternaam<\/th>\n<th>Vereniging<\/th>\n<th>Leeftijd<\/th>\n<\/tr>\n<tr>\n<td>1<\/td>\n<td>Mathijs<\/td>\n<td>Pellemans<\/td>\n<td>S.V. Gard\u00e9<\/td>\n<td>12<\/td>\n<\/tr>\n<tr>\n<td>2<\/td>\n<td>Carl<\/td>\n<td>Pellemans<\/td>\n<td>S.V. Gard\u00e9<\/td>\n<td>11<\/td>\n<\/tr>\n<tr>\n<td>3<\/td>\n<td>Dennis<\/td>\n<td>Koeter<\/td>\n<td>S.V. Veldhoven<\/td>\n<td>10<\/td>\n<\/tr>\n<tr>\n<td>4<\/td>\n<td>Marcel<\/td>\n<td>Meeuwissen<\/td>\n<td>S.V. Gard\u00e9<\/td>\n<td>9<\/td>\n<\/tr>\n<tr>\n<td>5<\/td>\n<td>Jasper<\/td>\n<td>van Buul<\/td>\n<td>S.V. Gard\u00e9<\/td>\n<td>8<\/td>\n<\/tr>\n<tr>\n<td>6<\/td>\n<td>Nick<\/td>\n<td>Schmitz<\/td>\n<td>S.V. Gard\u00e9<\/td>\n<td>13<\/td>\n<\/tr>\n<tr>\n<td>7<\/td>\n<td>Simon<\/td>\n<td>Kok<\/td>\n<td>S.V. Veldhoven<\/td>\n<td>10<\/td>\n<\/tr>\n<tr>\n<td>8<\/td>\n<td>Wendy<\/td>\n<td>van der Linden<\/td>\n<td>S.V. Veldhoven<\/td>\n<td>11<\/td>\n<\/tr>\n<tr>\n<td>9<\/td>\n<td>Stef<\/td>\n<td>van Beers<\/td>\n<td>S.V. Sissa Luyksgestel<\/td>\n<td>13<\/td>\n<\/tr>\n<tr>\n<td>10<\/td>\n<td>Mark<\/td>\n<td>Tilburgs<\/td>\n<td>S.V. Sissa Luyksgestel<\/td>\n<td>12<\/td>\n<\/tr>\n<tr>\n<td>11<\/td>\n<td>Jurgen<\/td>\n<td>Antonis<\/td>\n<td>S.V. Sissa Luyksgestel<\/td>\n<td>13<\/td>\n<\/tr>\n<tr>\n<td>12<\/td>\n<td>Jeffrey<\/td>\n<td>Leyten<\/td>\n<td>S.V. Sissa Luyksgestel<\/td>\n<td>13<\/td>\n<\/tr>\n<tr>\n<td>13<\/td>\n<td>Mandy<\/td>\n<td>Sonnemans<\/td>\n<td>S.V. Gard\u00e9<\/td>\n<td>11<\/td>\n<\/tr>\n<tr>\n<td>14<\/td>\n<td>Benjamin<\/td>\n<td>Bok<\/td>\n<td>S.V. Veldhoven<\/td>\n<td>11<\/td>\n<\/tr>\n<tr>\n<td>15<\/td>\n<td>Gidius<\/td>\n<td>Bok<\/td>\n<td>S.V. Veldhoven<\/td>\n<td>8<\/td>\n<\/tr>\n<tr>\n<td>16<\/td>\n<td>Thijn<\/td>\n<td>Boons<\/td>\n<td>S.V. Veldhoven<\/td>\n<td>11<\/td>\n<\/tr>\n<tr>\n<td>17<\/td>\n<td>Wessel<\/td>\n<td>Veerbeek<\/td>\n<td>S.V. Gard\u00e9<\/td>\n<td>13<\/td>\n<\/tr>\n<tr>\n<td>18<\/td>\n<td>Crijn<\/td>\n<td>van Vlokhoven<\/td>\n<td>Aalst-Waalre<\/td>\n<td>13<\/td>\n<\/tr>\n<tr>\n<td>19<\/td>\n<td>Stijn<\/td>\n<td>Bijnen<\/td>\n<td>Aalst-Waalre<\/td>\n<td>10<\/td>\n<\/tr>\n<tr>\n<td>20<\/td>\n<td>Casper<\/td>\n<td>van Zoest<\/td>\n<td>S.V. Gard\u00e9<\/td>\n<td>12<\/td>\n<\/tr>\n<tr>\n<td>21<\/td>\n<td>Roy<\/td>\n<td>Noten<\/td>\n<td>S.V. Sissa Luyksgestel<\/td>\n<td>14<\/td>\n<\/tr>\n<tr>\n<td>22<\/td>\n<td>Dennis<\/td>\n<td>van der Heijden<\/td>\n<td>S.V. Veldhoven<\/td>\n<td>9<\/td>\n<\/tr>\n<tr>\n<td>23<\/td>\n<td>Luuk<\/td>\n<td>Bollen<\/td>\n<td>Aalst-Waalre<\/td>\n<td>13<\/td>\n<\/tr>\n<tr>\n<td>24<\/td>\n<td>Frans<\/td>\n<td>Heeren<\/td>\n<td>S.V. de Kemppion<\/td>\n<td>9<\/td>\n<\/tr>\n<tr>\n<td>25<\/td>\n<td>Maarten<\/td>\n<td>Vrenken<\/td>\n<td>S.V. Sissa Luyksgestel<\/td>\n<td><\/td>\n<\/tr>\n<tr>\n<td>26<\/td>\n<td>Tom<\/td>\n<td>Weijtens<\/td>\n<td>E.V.S.<\/td>\n<td>10<\/td>\n<\/tr>\n<tr>\n<td>27<\/td>\n<td>Roel<\/td>\n<td>Montree<\/td>\n<td>E.V.S.<\/td>\n<td>9<\/td>\n<\/tr>\n<tr>\n<td>28<\/td>\n<td>Caroline<\/td>\n<td>Bollen<\/td>\n<td>Aalst-Waalre<\/td>\n<td>9<\/td>\n<\/tr>\n<tr>\n<td>29<\/td>\n<td>Rob<\/td>\n<td>de Haas<\/td>\n<td>S.V. Veldhoven<\/td>\n<td>12<\/td>\n<\/tr>\n<tr>\n<td>30<\/td>\n<td>Daan<\/td>\n<td>de Haas<\/td>\n<td>S.V. Veldhoven<\/td>\n<td>12<\/td>\n<\/tr>\n<tr>\n<td>31<\/td>\n<td>Koen<\/td>\n<td>van Kessel<\/td>\n<td>S.V. Sissa Luyksgestel<\/td>\n<td>8<\/td>\n<\/tr>\n<tr>\n<td>32<\/td>\n<td>Tom<\/td>\n<td>Ching<\/td>\n<td>Aalst-Waalre<\/td>\n<td>9<\/td>\n<\/tr>\n<tr>\n<td>33<\/td>\n<td>Patrick<\/td>\n<td>de Jong<\/td>\n<td>S.V. Gard\u00e9<\/td>\n<td>13<\/td>\n<\/tr>\n<tr>\n<td>34<\/td>\n<td>Roel<\/td>\n<td>Van happen<\/td>\n<td>Aalst-Waalre<\/td>\n<td>14<\/td>\n<\/tr>\n<tr>\n<td>35<\/td>\n<td>Alex<\/td>\n<td>Zahradnik<\/td>\n<td>S.V. Gard\u00e9<\/td>\n<td>10<\/td>\n<\/tr>\n<tr>\n<td>36<\/td>\n<td>Simin<\/td>\n<td>Jacobs<\/td>\n<td>Aalst-Waalre<\/td>\n<td><\/td>\n<\/tr>\n<tr>\n<td>37<\/td>\n<td>Martijn<\/td>\n<td>Melissen<\/td>\n<td>Aalst-Waalre<\/td>\n<td>10<\/td>\n<\/tr>\n<tr>\n<td>38<\/td>\n<td>Stan<\/td>\n<td>van Breemen<\/td>\n<td>Aalst-Waalre<\/td>\n<td>13<\/td>\n<\/tr>\n<\/table>\n","protected":false},"excerpt":{"rendered":"<p>Voornaam Achternaam Vereniging Leeftijd 1 Mathijs Pellemans S.V. Gard\u00e9 12 2 Carl Pellemans S.V. Gard\u00e9 11 3 Dennis Koeter S.V. Veldhoven 10 4 Marcel Meeuwissen S.V. Gard\u00e9 9 5 Jasper van Buul S.V. Gard\u00e9 8 6 Nick Schmitz S.V. Gard\u00e9 13 7 Simon Kok S.V. Veldhoven 10 8 Wendy van der Linden S.V. Veldhoven 11 [&hellip;]<\/p>\n","protected":false},"author":1,"featured_media":0,"comment_status":"open","ping_status":"open","sticky":false,"template":"","format":"standard","meta":{"footnotes":""},"categories":[22],"tags":[],"class_list":["post-237","post","type-post","status-publish","format-standard","hentry","category-kempenkamp-2006"],"_links":{"self":[{"href":"https:\/\/www.kempenkamp.net\/index.php?rest_route=\/wp\/v2\/posts\/237","targetHints":{"allow":["GET"]}}],"collection":[{"href":"https:\/\/www.kempenkamp.net\/index.php?rest_route=\/wp\/v2\/posts"}],"about":[{"href":"https:\/\/www.kempenkamp.net\/index.php?rest_route=\/wp\/v2\/types\/post"}],"author":[{"embeddable":true,"href":"https:\/\/www.kempenkamp.net\/index.php?rest_route=\/wp\/v2\/users\/1"}],"replies":[{"embeddable":true,"href":"https:\/\/www.kempenkamp.net\/index.php?rest_route=%2Fwp%2Fv2%2Fcomments&post=237"}],"version-history":[{"count":0,"href":"https:\/\/www.kempenkamp.net\/index.php?rest_route=\/wp\/v2\/posts\/237\/revisions"}],"wp:attachment":[{"href":"https:\/\/www.kempenkamp.net\/index.php?rest_route=%2Fwp%2Fv2%2Fmedia&parent=237"}],"wp:term":[{"taxonomy":"category","embeddable":true,"href":"https:\/\/www.kempenkamp.net\/index.php?rest_route=%2Fwp%2Fv2%2Fcategories&post=237"},{"taxonomy":"post_tag","embeddable":true,"href":"https:\/\/www.kempenkamp.net\/index.php?rest_route=%2Fwp%2Fv2%2Ftags&post=237"}],"curies":[{"name":"wp","href":"https:\/\/api.w.org\/{rel}","templated":true}]}}